{"id":8274,"__str__":"Requerimento n\u00ba 468 de 2023 | Proposi\u00e7\u00e3o apresentada em Plen\u00e1rio | 13/03/2023","link_detail_backend":"/materia/tramitacao/8274","metadata":{},"timestamp":"2023-03-19T08:51:58.936948-03:00","data_tramitacao":"2023-03-13","data_encaminhamento":"2023-03-13","urgente":false,"turno":"","texto":"Mat\u00e9ria apresentada em plen\u00e1rio","data_fim_prazo":null,"ip":"138.122.31.67","ultima_edicao":"2023-03-19T08:51:51.919972-03:00","status":11,"materia":7954,"unidade_tramitacao_local":6,"unidade_tramitacao_destino":4,"user":1}