{"id":11638,"__str__":"Requerimento n\u00ba 1233 de 2025","link_detail_backend":"/materia/11638","metadata":{},"numero":1233,"ano":2025,"numero_protocolo":1687,"data_apresentacao":"2025-09-03","tipo_apresentacao":"","data_publicacao":null,"numero_origem_externa":"","ano_origem_externa":null,"data_origem_externa":null,"apelido":"","dias_prazo":null,"data_fim_prazo":null,"em_tramitacao":true,"polemica":false,"objeto":"","complementar":false,"ementa":"A Vereadora que o presente subscreve, ap\u00f3s ouvido o Plen\u00e1rio, vem na forma regimental requerer a Vossa Excel\u00eancia que se digne remeter o presente ao Exmo. Sr. Prefeito Municipal \u2013 M\u00e1rio Ces\u00e1r Barreto Azevedo e ao, Ilmo. Sr. Secret\u00e1rio Municipal de Cultura e Esporte \u2013 Anderson Tavares Correia, requeiro o fechamento tempor\u00e1rio da via no entorno dos Lagos do Parque Balne\u00e1rio Abelardo Wanderley at\u00e9 o Belvedere, aos s\u00e1bados, das 05h30 \u00e0s 07h30, para uso exclusivo da popula\u00e7\u00e3o em atividades esportivas e promo\u00e7\u00e3o da sa\u00fade.","indexacao":"","observacao":"","resultado":"","texto_original":"http://sapl.pauloafonso.ba.leg.br/media/sapl/public/materialegislativa/2025/11638/requeiro_o_fechamento_temporario_da_via_no_entorno_dos_lagos_do_parque_balneario_abelardo_wanderley_ate_o_belvedere_aos_sabados_das_05h30_as_07h30..pdf","data_ultima_atualizacao":"2025-09-03T10:48:23.468151-03:00","ip":"","ultima_edicao":null,"tipo":10,"regime_tramitacao":1,"tipo_origem_externa":null,"local_origem_externa":null,"user":null,"anexadas":[],"autores":[34]}