{"id":11628,"__str__":"Indica\u00e7\u00e3o n\u00ba 210 de 2025","link_detail_backend":"/materia/11628","metadata":{},"numero":210,"ano":2025,"numero_protocolo":1677,"data_apresentacao":"2025-09-03","tipo_apresentacao":"","data_publicacao":null,"numero_origem_externa":"","ano_origem_externa":null,"data_origem_externa":null,"apelido":"","dias_prazo":null,"data_fim_prazo":null,"em_tramitacao":true,"polemica":false,"objeto":"","complementar":false,"ementa":"A instala\u00e7\u00e3o e hasteamento das bandeiras do Brasil, do Estado da Bahia e do Munic\u00edpio de Paulo Afonso na principal pra\u00e7a p\u00fablica do Bairro Tancredo Neves, Pra\u00e7a Padre Louren\u00e7o.","indexacao":"","observacao":"","resultado":"","texto_original":"http://sapl.pauloafonso.ba.leg.br/media/sapl/public/materialegislativa/2025/11628/indicacao_bandeiras_na_praca_padre_lourenco.pdf","data_ultima_atualizacao":"2025-09-03T09:32:54.099356-03:00","ip":"","ultima_edicao":null,"tipo":2,"regime_tramitacao":1,"tipo_origem_externa":null,"local_origem_externa":null,"user":null,"anexadas":[],"autores":[47]}