{"id":11619,"__str__":"Projeto de Lei Ordin\u00e1rio n\u00ba 65 de 2025","link_detail_backend":"/materia/11619","metadata":{},"numero":65,"ano":2025,"numero_protocolo":1668,"data_apresentacao":"2025-09-02","tipo_apresentacao":"O","data_publicacao":null,"numero_origem_externa":"","ano_origem_externa":null,"data_origem_externa":null,"apelido":"","dias_prazo":null,"data_fim_prazo":null,"em_tramitacao":false,"polemica":false,"objeto":"","complementar":false,"ementa":"\u2018Institui, no \u00e2mbito do Munic\u00edpio de Paulo Afonso - BA, a Campanha \"Setembro Verde\u201d, dedicada \u00e0 inclus\u00e3o da pessoa com defici\u00eancia, e d\u00e1 outras provid\u00eancias.","indexacao":"","observacao":"","resultado":"","texto_original":"http://sapl.pauloafonso.ba.leg.br/media/sapl/public/materialegislativa/2025/11619/setembro_verde.pdf","data_ultima_atualizacao":"2025-09-02T09:59:57.738220-03:00","ip":"138.122.29.69","ultima_edicao":"2025-09-02T09:59:57.736048-03:00","tipo":8,"regime_tramitacao":1,"tipo_origem_externa":null,"local_origem_externa":null,"user":20,"anexadas":[],"autores":[50]}