{"id":11614,"__str__":"Requerimento n\u00ba 1219 de 2025","link_detail_backend":"/materia/11614","metadata":{},"numero":1219,"ano":2025,"numero_protocolo":1663,"data_apresentacao":"2025-08-29","tipo_apresentacao":"","data_publicacao":null,"numero_origem_externa":"","ano_origem_externa":null,"data_origem_externa":null,"apelido":"","dias_prazo":null,"data_fim_prazo":null,"em_tramitacao":true,"polemica":false,"objeto":"","complementar":false,"ementa":"Exmo. Sr. Presidente da C\u00e2mara Municipal -  remeter ao Exmo. Sr. Prefeito \u2013 M\u00e1rio Cesar Barreto Azevedo, solicitando que adote, com urg\u00eancia.:\r\nprovid\u00eancias junto \u00e0 empresa respons\u00e1vel pelo transporte coletivo urbano no munic\u00edpio, a (Atl\u00e2ntico), visando a regulariza\u00e7\u00e3o do translado de passageiros com destino aos bairros BTN III, Marina Fran\u00e7a e Dom M\u00e1rio, no per\u00edodo ap\u00f3s \u00e0s 19 horas.","indexacao":"","observacao":"","resultado":"","texto_original":"http://sapl.pauloafonso.ba.leg.br/media/sapl/public/materialegislativa/2025/11614/requerimento_-_transporte_atlantico.pdf","data_ultima_atualizacao":"2025-08-29T09:42:38.604565-03:00","ip":"","ultima_edicao":null,"tipo":10,"regime_tramitacao":1,"tipo_origem_externa":null,"local_origem_externa":null,"user":null,"anexadas":[],"autores":[50]}