{"id":11586,"__str__":"Requerimento n\u00ba 1198 de 2025","link_detail_backend":"/materia/11586","metadata":{},"numero":1198,"ano":2025,"numero_protocolo":1635,"data_apresentacao":"2025-08-27","tipo_apresentacao":"","data_publicacao":null,"numero_origem_externa":"","ano_origem_externa":null,"data_origem_externa":null,"apelido":"","dias_prazo":null,"data_fim_prazo":null,"em_tramitacao":true,"polemica":false,"objeto":"","complementar":false,"ementa":"ao Exmo. Sr. Prefeito \u2013 M\u00e1rio Cesar Barreto Azevedo e a Ilma. Sra. Secret\u00e1ria Municipal Servi\u00e7os P\u00fablicos \u2013 Juliana Ten\u00f3rio, solicitando a limpeza, capina\u00e7\u00e3o e remo\u00e7\u00e3o dos res\u00edduos da Pra\u00e7a Eryan Monteiro.","indexacao":"","observacao":"","resultado":"","texto_original":"http://sapl.pauloafonso.ba.leg.br/media/sapl/public/materialegislativa/2025/11586/requerimento_-_capinacao_praca_eryan_monteiro.pdf","data_ultima_atualizacao":"2025-08-27T11:52:57.473282-03:00","ip":"","ultima_edicao":null,"tipo":10,"regime_tramitacao":1,"tipo_origem_externa":null,"local_origem_externa":null,"user":null,"anexadas":[],"autores":[50]}