{"id":11565,"__str__":"Indica\u00e7\u00e3o n\u00ba 201 de 2025","link_detail_backend":"/materia/11565","metadata":{},"numero":201,"ano":2025,"numero_protocolo":1614,"data_apresentacao":"2025-08-22","tipo_apresentacao":"","data_publicacao":null,"numero_origem_externa":"","ano_origem_externa":null,"data_origem_externa":null,"apelido":"","dias_prazo":null,"data_fim_prazo":null,"em_tramitacao":true,"polemica":false,"objeto":"","complementar":false,"ementa":"A Vereadora que o presente subscreve, ap\u00f3s ouvido o Plen\u00e1rio, vem na forma regimental, INDICAR ao Exmo. Prefeito Municipal \u2013 M\u00e1rio C\u00e9sar Barreto Azevedo, a necessidade de envio de Projeto de Lei a esta Casa Legislativa, que disponha sobre a concess\u00e3o de anistia das d\u00edvidas e taxas mensais cobradas aos feirantes do munic\u00edpio, referentes ao per\u00edodo da pandemia da COVID-19, inclusive aquelas j\u00e1 judicializadas, como medida de justi\u00e7a social, incentivo \u00e0 economia local e desjudicializa\u00e7\u00e3o.","indexacao":"","observacao":"","resultado":"","texto_original":"http://sapl.pauloafonso.ba.leg.br/media/sapl/public/materialegislativa/2025/11565/indicacao_11.2025.pdf","data_ultima_atualizacao":"2025-08-22T09:44:33.357923-03:00","ip":"","ultima_edicao":null,"tipo":2,"regime_tramitacao":1,"tipo_origem_externa":null,"local_origem_externa":null,"user":null,"anexadas":[],"autores":[40]}