{"id":11560,"__str__":"Requerimento n\u00ba 1181 de 2025","link_detail_backend":"/materia/11560","metadata":{},"numero":1181,"ano":2025,"numero_protocolo":1609,"data_apresentacao":"2025-08-21","tipo_apresentacao":"","data_publicacao":null,"numero_origem_externa":"","ano_origem_externa":null,"data_origem_externa":null,"apelido":"","dias_prazo":null,"data_fim_prazo":null,"em_tramitacao":true,"polemica":false,"objeto":"","complementar":false,"ementa":"A Vereadora que o presente subscreve, ap\u00f3s ouvido o Plen\u00e1rio, vem na forma regimental requerer a Vossa Excel\u00eancia que se digne remeter o presente ao Exmo. Sr. Prefeito \u2013 M\u00e1rio Cesar Barreto Azevedo, juntamente ao Ilmo. Sr. Secret\u00e1rio de Ordem P\u00fablica e Seguran\u00e7a Cidad\u00e3 \u2013 Anderson Andrade, requeiro a instala\u00e7\u00e3o de faixa de pedestres na Avenida Moxot\u00f3, n\u00ba 18, Bairro Moxot\u00f3 (em frente ao Mercado S\u00e3o Francisco).","indexacao":"","observacao":"","resultado":"","texto_original":"http://sapl.pauloafonso.ba.leg.br/media/sapl/public/materialegislativa/2025/11560/requerimento_180.25.pdf","data_ultima_atualizacao":"2025-08-21T12:49:38.462429-03:00","ip":"","ultima_edicao":null,"tipo":10,"regime_tramitacao":1,"tipo_origem_externa":null,"local_origem_externa":null,"user":null,"anexadas":[],"autores":[40]}