{"id":11532,"__str__":"Requerimento n\u00ba 1166 de 2025","link_detail_backend":"/materia/11532","metadata":{},"numero":1166,"ano":2025,"numero_protocolo":1581,"data_apresentacao":"2025-08-21","tipo_apresentacao":"","data_publicacao":null,"numero_origem_externa":"","ano_origem_externa":null,"data_origem_externa":null,"apelido":"","dias_prazo":null,"data_fim_prazo":null,"em_tramitacao":true,"polemica":false,"objeto":"","complementar":false,"ementa":"O Vereador que o presente subscreve, ap\u00f3s ouvido o Plen\u00e1rio, vem na forma regimental requerer a Vossa Excel\u00eancia que se digne remeter o\r\npresente ao Exmo. Sr. Prefeito \u2013 M\u00e1rio Cesar Barreto Azevedo, juntamente \u00e0 Secretaria Municipal de Educa\u00e7\u00e3o, solicitando o estudo de um plano de implementa\u00e7\u00e3o da modalidade de Ensino de Tempo Integral nas escolas que oferecem Ensino Fundamental II, a proposta visa oferecer atividades diversificadas, como pr\u00e1ticas esportivas, atividades art\u00edsticas, oficinas de leitura e escrita, e projetos de educa\u00e7\u00e3o ambiental, que complementem o curr\u00edculo escolar e promovam o desenvolvimento integral dos alunos. Assim como, a implementa\u00e7\u00e3o de um sistema de acompanhamento pedag\u00f3gico que monitore o desenvolvimento dos alunos, identifique dificuldades e ofere\u00e7a apoio individualizado, visando garantir o sucesso escolar de todos. O Programa deEscola Integral \u00e9 institu\u00eddo pela Lei 14.640/23 e comtempla as escolas alinhadas \u00e0 BNCC (Base Nacional Comum Curricular).","indexacao":"","observacao":"","resultado":"","texto_original":"http://sapl.pauloafonso.ba.leg.br/media/sapl/public/materialegislativa/2025/11532/req_escola_tempo_integral.pdf","data_ultima_atualizacao":"2025-08-21T10:40:13.223422-03:00","ip":"","ultima_edicao":null,"tipo":10,"regime_tramitacao":1,"tipo_origem_externa":null,"local_origem_externa":null,"user":null,"anexadas":[],"autores":[42]}