{"id":11531,"__str__":"Indica\u00e7\u00e3o n\u00ba 199 de 2025","link_detail_backend":"/materia/11531","metadata":{},"numero":199,"ano":2025,"numero_protocolo":1580,"data_apresentacao":"2025-08-21","tipo_apresentacao":"","data_publicacao":null,"numero_origem_externa":"","ano_origem_externa":null,"data_origem_externa":null,"apelido":"","dias_prazo":null,"data_fim_prazo":null,"em_tramitacao":true,"polemica":false,"objeto":"","complementar":false,"ementa":"INDICA ao Exmo. Sr. Prof. Dr. TELIO NOBRE LEITE, MD Magn\u00edfico Reitor da Universidade Federal do Vale do S\u00e3o Francisco \u2013 UNIVASF, a viabilidade de estudo para reinserir o B\u00d4NUS DE INCLUS\u00c3O REGIONAL e/ou INCLUS\u00c3O REGIONALIZADA a ser implementado como instrumento no processo de sele\u00e7\u00e3o dos candidatos para o curso de MEDICINA, em Paulo Afonso-BA, tomando como base geogr\u00e1fica e administrativa da Bahia, a MICRORREGI\u00c3O DO TERRIT\u00d3RIO DE IDENTIDADE ITAPARICA,","indexacao":"","observacao":"","resultado":"","texto_original":"http://sapl.pauloafonso.ba.leg.br/media/sapl/public/materialegislativa/2025/11531/indicacao_reitor_da_univasf.pdf","data_ultima_atualizacao":"2025-08-21T10:36:15.445045-03:00","ip":"","ultima_edicao":null,"tipo":2,"regime_tramitacao":1,"tipo_origem_externa":null,"local_origem_externa":null,"user":null,"anexadas":[],"autores":[9]}