{"id":11525,"__str__":"Mo\u00e7\u00e3o n\u00ba 91 de 2025","link_detail_backend":"/materia/11525","metadata":{},"numero":91,"ano":2025,"numero_protocolo":1574,"data_apresentacao":"2025-08-21","tipo_apresentacao":"","data_publicacao":null,"numero_origem_externa":"","ano_origem_externa":null,"data_origem_externa":null,"apelido":"","dias_prazo":null,"data_fim_prazo":null,"em_tramitacao":true,"polemica":false,"objeto":"","complementar":false,"ementa":"MO\u00c7\u00c3O DE PESAR, pelo falecimento de JOS\u00c9 GALV\u00c3O DA SILVA BARROS, ocorrido no dia 19/08/2025.","indexacao":"","observacao":"","resultado":"","texto_original":"http://sapl.pauloafonso.ba.leg.br/media/sapl/public/materialegislativa/2025/11525/mocao_de_deca.pdf","data_ultima_atualizacao":"2025-08-21T10:18:29.923303-03:00","ip":"","ultima_edicao":null,"tipo":4,"regime_tramitacao":1,"tipo_origem_externa":null,"local_origem_externa":null,"user":null,"anexadas":[],"autores":[9]}