{"id":11517,"__str__":"Requerimento n\u00ba 1156 de 2025","link_detail_backend":"/materia/11517","metadata":{},"numero":1156,"ano":2025,"numero_protocolo":1566,"data_apresentacao":"2025-08-21","tipo_apresentacao":"","data_publicacao":null,"numero_origem_externa":"","ano_origem_externa":null,"data_origem_externa":null,"apelido":"","dias_prazo":null,"data_fim_prazo":null,"em_tramitacao":true,"polemica":false,"objeto":"","complementar":false,"ementa":"A Vereadora que o presente subscreve, ap\u00f3s ouvido o Plen\u00e1rio, vem na forma regimental requerer a Vossa Excel\u00eancia que se digne remeter o presente ao Exmo. Sr. Prefeito Municipal\u2013 M\u00e1rio Ces\u00e1r Barreto Azevedo e ao, Ilmo. Sr. Secret\u00e1rio Municipal de Infraestrutura, requeiro a requalifica\u00e7\u00e3o da cal\u00e7ada p\u00fablica localizada na extens\u00e3o da Rua da Harmonia , por tr\u00e1s dos espa\u00e7os comerciais que est\u00e3o localizados no popularmente conhecido Cal\u00e7ad\u00e3o da Get\u00falio Vargas","indexacao":"","observacao":"","resultado":"","texto_original":"http://sapl.pauloafonso.ba.leg.br/media/sapl/public/materialegislativa/2025/11517/requeiro_a_requalificacao_da_calcada_publica_localizada_na_extensao_da_rua_da_harmonia__por_tras_dos_espacos_comerciais_que_estao_localizados_no_popularmente_conhecido_calcadao_da_getulio_vargas.pdf","data_ultima_atualizacao":"2025-08-21T09:38:45.276859-03:00","ip":"","ultima_edicao":null,"tipo":10,"regime_tramitacao":1,"tipo_origem_externa":null,"local_origem_externa":null,"user":null,"anexadas":[],"autores":[34]}