{"id":10979,"__str__":"Requerimento n\u00ba 791 de 2025","link_detail_backend":"/materia/10979","metadata":{},"numero":791,"ano":2025,"numero_protocolo":1028,"data_apresentacao":"2025-05-16","tipo_apresentacao":"","data_publicacao":null,"numero_origem_externa":"","ano_origem_externa":null,"data_origem_externa":null,"apelido":"","dias_prazo":null,"data_fim_prazo":null,"em_tramitacao":true,"polemica":false,"objeto":"","complementar":false,"ementa":"Solicitando que altere o rel\u00f3gio autom\u00e1tico da arena do Moxot\u00f3, Bairro Moxot\u00f3, Munic\u00edpio de Paulo Afonso.\r\nHaja vista que estamos na esta\u00e7\u00e3o de Outono e a proximidade com o Inverno, a luz solar se p\u00f5e mais cedo, dificultando a pratica de esporte na referida arena.\r\nIndico que programe os refletores da Arena para acendimento autom\u00e1tico para \u00e0s 17:15 \u2013 17:30, principalmente nos fins de semana.","indexacao":"","observacao":"","resultado":"","texto_original":"http://sapl.pauloafonso.ba.leg.br/media/sapl/public/materialegislativa/2025/10979/requerimento_no._14-2025.pdf","data_ultima_atualizacao":"2025-05-16T08:47:53.803682-03:00","ip":"","ultima_edicao":null,"tipo":10,"regime_tramitacao":1,"tipo_origem_externa":null,"local_origem_externa":null,"user":null,"anexadas":[],"autores":[47]}